{"id":624,"date":"2025-08-13T17:11:17","date_gmt":"2025-08-13T17:11:17","guid":{"rendered":"https:\/\/originsproject.eu\/?p=624"},"modified":"2025-08-13T17:11:17","modified_gmt":"2025-08-13T17:11:17","slug":"pokemon-origins-les-chroniques-delenos-les-memoires-de-gensil-episode-3","status":"publish","type":"post","link":"https:\/\/originsproject.eu\/?p=624","title":{"rendered":"Pok\u00e9mon Origins : les chroniques d&rsquo;Elenos. Les m\u00e9moires de Gens\u00eel, \u00c9pisode 3."},"content":{"rendered":"\n<p>\/!\\ <strong>Attention : ce texte contient d&rsquo;importants spoils sur l&rsquo;histoire de Pok\u00e9mon Origins, et devrait \u00eatre lu uniquement apr\u00e8s avoir fini les 5 Chapitres disponibles dans le fan game.<\/strong><\/p>\n\n\n\n<p><a href=\"https:\/\/drive.google.com\/file\/d\/1orHPs4nZk-aRLLKjgHqcOBldfNndG5GJ\/view?usp=sharing\" target=\"_blank\" rel=\"noreferrer noopener\">Lire ce texte au format PDF.<\/a><\/p>\n\n\n\n<p class=\"has-text-align-center\"><strong>\u00c9pisode 3 : L&rsquo;envoy\u00e9<\/strong><\/p>\n\n\n\n<p>Qui sait depuis combien de temps j\u2019ai \u00e9t\u00e9 plac\u00e9 en d\u00e9tention par la Confr\u00e9rie de la Terre&nbsp;? J\u2019ai eu tout le loisir de passer mon existence en revue plusieurs fois, mais je n\u2019ai gu\u00e8re trouv\u00e9 de r\u00e9ponses. Ai-je des regrets&nbsp;? Certainement. Le monde n\u2019a cess\u00e9 de mettre \u00e0 l\u2019\u00e9preuve mon sens moral au fil des ans, mais j\u2019ai toujours agi en suivant ce que je pensais \u00eatre juste. Si cela doit me mener \u00e0 ma fin aujourd\u2019hui, qu\u2019il en soit ainsi.<\/p>\n\n\n\n<p>C\u2019est alors qu\u2019un lourd claquement m\u00e9tallique interrompt ma r\u00e9flexion. Un homme portant une longue robe jaune entre dans mon cachot d\u2019un pas lent et grave. Enfin, l\u2019un de mes anciens confr\u00e8res ose se montrer devant moi. Je n\u2019avais pas vu le Sage du Vent depuis plus de 10 ans, et son visage porte la marque du temps, mais il semble toujours d\u00e9gager une grande puissance spirituelle.<br>\u2014 Mon bon Gens\u00eel, commence-t-il, j\u2019aurais aim\u00e9 vous revoir dans d\u2019autres circonstances.<br>Il me regarde fixement pendant quelques instants qui semblent s\u2019\u00e9tirer jusqu\u2019\u00e0 devenir une \u00e9ternit\u00e9, puis il reprend&nbsp;:<br>\u2014 Vous avez grandement d\u00e9velopp\u00e9 vos pouvoirs. Je suis \u00e0 pr\u00e9sent incapable de d\u00e9celer la moindre de vos pens\u00e9es. C\u2019est pour cela que je n\u2019ai gu\u00e8re d\u2019autre choix que de vous interroger.<br>Pendant toutes ces ann\u00e9es pass\u00e9es dans la Caverne de la Destin\u00e9e, j\u2019ai souvent r\u00e9fl\u00e9chi \u00e0 ce que je dirais aux autres Sages si je devais un jour leur refaire face. Il n\u2019y a aucune haine en moi, je sais que cela ne me m\u00e8nera nulle part. Mais je sais aussi qu\u2019il est vain d\u2019esp\u00e9rer les raisonner. Quant \u00e0 eux, ils perdent \u00e9galement leur temps s\u2019ils esp\u00e8rent obtenir quoi que ce soit de moi.<br>Le Sage du Vent se gratte lentement la barbe et d\u00e9clare avec un ton faussement attrist\u00e9&nbsp;:<br>\u2014 Quel d\u00e9shonneur pour un descendant de la lign\u00e9e des Sages d\u2019\u00eatre mis aux fers. Malheureusement, c\u2019est l\u00e0 la juste cons\u00e9quence de vos actes. Vous avez l\u00e2chement abandonn\u00e9 vos confr\u00e8res aux moments o\u00f9 ils avaient le plus besoin de vous. Nous vous avons fait confiance, nous vous avons expos\u00e9 la raison d\u2019\u00eatre de notre Conseil, et malgr\u00e9 tout, vous nous avez trahis.<br>\u2014 J\u2019ai compris que nos aspirations \u00e9taient irr\u00e9conciliables, r\u00e9ponds-je. Votre id\u00e9al de paix et d\u2019harmonie est bien diff\u00e9rent du mien. Vous ne r\u00eavez que d\u2019un paradis perdu, purg\u00e9 de toute pr\u00e9sence humaine. Comme si chaque humain qui venait au monde n\u2019\u00e9tait qu\u2019une injure suppl\u00e9mentaire \u00e0 cet \u00e9quilibre des \u00e9l\u00e9ments que vous fantasmez. Je ne peux pas croire que le Conseil des Sages a \u00e9t\u00e9 fond\u00e9 pour pr\u00e9cipiter les Confr\u00e9ries vers leur destruction.<br>\u2014 Les temps changent, mon bon Gens\u00eel, tout comme les id\u00e9aux. Nos pr\u00e9d\u00e9cesseurs ont longtemps essay\u00e9 d\u2019apporter la paix par le dialogue et le compromis, et regardez o\u00f9 cela nous a men\u00e9s. Je ne peux pas croire que vous soyez assez na\u00eff pour esp\u00e9rer une autre issue. Elenos ne trouvera son salut que si nous r\u00e9unissons les 4 Orbes et ressuscitons le Temples des Origines.<br>\u2014 Lorsque j\u2019ai r\u00e9alis\u00e9 que vous envisagiez d\u2019utiliser ce pouvoir pour pr\u00e9cipiter tout ce qui vit dans l\u2019an\u00e9antissement, j\u2019ai compris que nos points de vue \u00e9taient inconciliables. Les Confr\u00e9ries, les habitants innocents, les Pok\u00e9mons\u2026 peu vous importe de d\u00e9truire toutes ces existences.<br>\u2014 La vie est une force d\u2019une grandeur infinie, elle saura rena\u00eetre plus vigoureuse et plus pure que jamais sur les cendres de cet \u00e9chec.<br>\u2014 Cette obsession de la puret\u00e9 vous a aveugl\u00e9s, vous ne r\u00eavez que d\u2019une page blanche sur laquelle vous aurez tout le loisir d\u2019\u00e9crire l\u2019histoire.<br>\u2014 Allons, allons, mon bon Gens\u00eel, ne nous pr\u00eatez pas des intentions aussi \u00e9go\u00efstes. Nous savons que nous empruntons une voie qui m\u00e8nera \u00e0 de lourds sacrifices, mais comme je vous l\u2019ai dit \u00e0 de nombreuses reprises, il faut apprendre \u00e0 voir plus loin que le bout de votre nez.<\/p>\n\n\n\n<p>Comme je le pensais, notre discussion ne m\u00e8ne \u00e0 rien. Inutile que je m\u2019ent\u00eate \u00e0 d\u00e9battre davantage. Je me contente donc de r\u00e9pondre \u00e0 mon ancien confr\u00e8re avec un regard empreint de piti\u00e9. J\u2019ai sinc\u00e8rement piti\u00e9 pour ces trois Sages guid\u00e9s par des r\u00eaves d\u2019un monde baignant dans une harmonie \u00e9ternelle. Leur esprit a \u00e9t\u00e9 fa\u00e7onn\u00e9 par ces mythes antiques d\u00e8s le plus jeune \u00e2ge, et ils ne sauraient plus voir d\u2019autre r\u00e9alit\u00e9. C\u2019est peut-\u00eatre parce que j\u2019ai grandi dans la nature, dans le monde r\u00e9el, loin des biblioth\u00e8ques confortables et des salles de banquet, que je r\u00e9alise la v\u00e9ritable valeur de toute vie..<br>Le Sage du Vent constate mon silence et secoue doucement la t\u00eate, comme pour me montrer son m\u00e9pris en retour. Il reprend&nbsp;:<br>\u2014 Mais venons-en \u00e0 la raison de ma visite. Il y a environ dix ans, vous avez d\u00e9cid\u00e9 de fuir vos responsabilit\u00e9s et de dispara\u00eetre. Lorsque vous avez d\u00fb prendre des d\u00e9cisions importantes pour mener la Confr\u00e9rie de la Terre sur la voie que nous avions \u00e9tablie, vous vous \u00eates finalement d\u00e9fil\u00e9. Il nous a fallu du temps pour vous retrouver, mais nous savons maintenant que vous vous \u00eates isol\u00e9 dans les Montagnes du Nord.<br>C\u2019est alors que j\u2019aper\u00e7ois un sourire crisp\u00e9 se dessinant sur son visage, fait rare.<br>\u2014 Et qu\u2019avez-vous fait pendant tout ce temps&nbsp;? me lance-t-il. M\u00e9diter. Rien d\u2019autre que m\u00e9diter, semblerait-il. Au fond de vous, vous saviez d\u00e9j\u00e0 que vous ne pouviez rien faire pour infl\u00e9chir le cours de la destin\u00e9e qui \u00e9tait en marche.<\/p>\n\n\n\n<p>Je m\u00e9ditais, c\u2019est vrai. J\u2019avais d\u00e9cid\u00e9 d\u2019abandonner ce r\u00f4le de Sage que l\u2019on m\u2019avait confi\u00e9 et que je pensais de la plus haute importance. J\u2019avais d\u00e9cid\u00e9 de chercher ma propre voie vers la paix et l\u2019harmonie. Mais cette voie existait-elle dans ce monde au bord du chaos&nbsp;? C\u2019est ce que j\u2019essayais de d\u00e9terminer.<br>Le Sage du Vent continue de me regarder fixement, essayant de capter le moindre signe, le moindre mouvement qui r\u00e9v\u00e8lerait mes intentions, mais c\u2019est peine perdue. Il reprend donc avec encore plus de gravit\u00e9&nbsp;:<br>\u2014 Mais plus r\u00e9cemment, il semblerait que vous ayez d\u00e9cid\u00e9 de passer \u00e0 l\u2019action. Ou du moins, vous avez pouss\u00e9 quelqu\u2019un \u00e0 agir en votre nom. Un \u00ab&nbsp;envoy\u00e9&nbsp;\u00bb.<\/p>\n\n\n\n<p>Cyrio\u2026 Depuis que j\u2019ai crois\u00e9 sa route, l\u2019espoir a commenc\u00e9 \u00e0 rena\u00eetre en moi. Il m\u2019a laiss\u00e9 entrevoir une force indomptable, une soif de libert\u00e9 sans limite\u2026 Moi qui me murais dans la passivit\u00e9, attendant de trouver une r\u00e9ponse miraculeuse, j\u2019ai fini par me r\u00e9soudre \u00e0 croire qu\u2019il fallait se battre pour infl\u00e9chir le cours des choses.<br>\u2014 Ce jeune homme est absolument fascinant, continue le Sage du Vent. J\u2019ai essay\u00e9 de lire en lui lorsque je l\u2019ai rencontr\u00e9, et je ne suis gu\u00e8re parvenu \u00e0 percer ses secrets. J\u2019ai cependant d\u00e9cel\u00e9 une immense force de caract\u00e8re. Mais qui est-il r\u00e9ellement&nbsp;?<br>\u2014 Inutile de perdre votre temps, r\u00e9ponds-je. Je serais bien incapable de m\u2019opposer \u00e0 vos ambitions, mais Cyrio m\u00e8nera Elenos vers un renouveau tr\u00e8s diff\u00e9rent de celui dont vous r\u00eavez.<br>\u2014 Hum\u2026 Voyez-vous cela&nbsp;? Il semble cependant que vous vous soyez bien gard\u00e9 de l\u2019informer de votre identit\u00e9, mon bon Gens\u00eel. \u00c0 mes yeux, ce jeune gar\u00e7on a tout l\u2019air d\u2019un pantin que vous manipulez \u00e0 votre guise. Quels ordres lui avez-vous donn\u00e9s&nbsp;? Et que compte-t-il faire, \u00e0 pr\u00e9sent&nbsp;?<\/p>\n\n\n\n<p>Je d\u00e9cide de ne pas r\u00e9pondre davantage. Inutile d\u2019alimenter cette conversation st\u00e9rile. Mon ancien confr\u00e8re me fixe longuement, attendant un signe de ma part, puis il d\u00e9clare finalement&nbsp;:<br>\u2014 Je vous ai laiss\u00e9 une derni\u00e8re chance de vous repentir, mais je n\u2019avais que peu d\u2019espoirs que vous compreniez la situation. Enfin, peu importe, nous avons coup\u00e9 la t\u00eate du monstre, vous n\u2019aurez plus l\u2019occasion d\u2019influencer ce jeune homme.<\/p>\n\n\n\n<p>Le Sage du Vent se tourne vers la sortie de mon cachot et fait quelques pas lents tout en se grattant la barbe. Il se retourne finalement et me lance&nbsp;:<br>\u2014 Vous \u00eates d\u00e9termin\u00e9 \u00e0 trouver votre fin ici-m\u00eame, mais qu\u2019en est-il de votre pr\u00e9cieux ami, Marcus&nbsp;? A-t-il accept\u00e9 de se sacrifier au nom de votre cause&nbsp;? Vous qui placez les vies humaines au-dessus de tout, cela ne vous ressemble gu\u00e8re.<\/p>\n\n\n\n<p>Marcus\u2026 D\u00e8s l\u2019instant o\u00f9 la Confr\u00e9rie de la Terre nous a captur\u00e9s, j\u2019ai su qu\u2019ils l\u2019utiliseraient pour faire pression sur moi. C\u2019est regrettable\u2026 mais je ne peux pas abandonner Cyrio. Pas apr\u00e8s tout ce chemin parcouru.<br>Le Sage du Vent ferme les yeux en soupirant et conclut&nbsp;:<br>\u2014 Votre silence est lourd de sens. Je doute que votre ami puisse trouver la paix apr\u00e8s avoir \u00e9t\u00e9 abandonn\u00e9 de la sorte, mais qu\u2019il en soit ainsi\u2026<\/p>\n\n\n\n<p>Le Sage du Vent sort lentement de mon cachot et j\u2019entends la porte se refermer avec un lourd claquement m\u00e9tallique qui sonne comme une condamnation.<br>Je m\u2019en veux terriblement que Marcus se retrouve dans cette situation par ma faute\u2026 Mais je ne vois aucun moyen de lui venir en aide. Je ne peux plus que m\u00e9diter et prier de toute mon \u00e2me pour que Cyrio retrouve notre trace avant qu\u2019il ne soit trop tard. Mais comment le pourrait-il&nbsp;?<\/p>\n\n\n\n<p>Quelle faiblesse de ma part, quand j\u2019y pense\u2026 Le puissant Sage que j\u2019ai \u00e9t\u00e9 a d\u00e9cid\u00e9 de s\u2019en remettre \u00e0 un jeune homme amn\u00e9sique pour emp\u00eacher la catastrophe qu\u2019il n\u2019a su juguler.<br>La premi\u00e8re fois que je l\u2019ai \u00ab&nbsp;rencontr\u00e9&nbsp;\u00bb, c\u2019\u00e9tait par une sombre nuit d\u2019orage, lorsque j\u2019ai senti la pr\u00e9sence de deux esprits fougueux dans la Vall\u00e9e Azure. Il a v\u00e9cu une trag\u00e9die, cette nuit-l\u00e0, mais par un miracle du destin, un choc violent a conduit \u00e0 son amn\u00e9sie. Le lendemain, G\u00e9rard, un habitant de Rocambur qui avait perdu son foyer, l\u2019a trouv\u00e9 et l\u2019a ramen\u00e9 au camp de r\u00e9fugi\u00e9s.<br>J\u2019ai toujours soutenu \u00e0 Cyrio comme \u00e0 Marcus que j\u2019ignorais ce qui s\u2019\u00e9tait pass\u00e9 cette nuit-l\u00e0. Mais j\u2019ai en v\u00e9rit\u00e9 pu percevoir une bonne partie de la sc\u00e8ne. J\u2019ai donc rapidement compris que Cyrio faisait partie d\u2019une Confr\u00e9rie, et qu\u2019il \u00e9tait un \u00e9l\u00e9ment particuli\u00e8rement bien entra\u00een\u00e9.<br>Mon hypoth\u00e8se principale \u00e9tait qu\u2019il faisait partie de la Confr\u00e9rie du Feu. Si c\u2019est bien le cas, il devrait porter la marque d\u2019une flamme sur son omoplate gauche, mais peut-\u00eatre est-elle pass\u00e9e inaper\u00e7ue chez ses h\u00f4tes. Quoi qu\u2019il en soit, lorsque je l\u2019ai enfin rencontr\u00e9 en personne, j\u2019ai pu constater \u00e0 quel point son potentiel \u00e9tait immense.<br>Son esprit \u00e9tait vif et son c\u0153ur \u00e9tait pur, et pas seulement \u00e0 cause de son amn\u00e9sie, il semblait avoir la rigueur et la force de caract\u00e8re d\u2019un fid\u00e8le extr\u00eamement entra\u00een\u00e9, sans toutefois souffrir du conditionnement qui \u00e9treint leur esprit d\u00e8s le plus jeune \u00e2ge, ce que je ne m\u2019expliquais pas.<br>Je n\u2019ai donc pas souhait\u00e9 plonger son esprit dans le doute en lui faisant part de mes hypoth\u00e8ses sur son pass\u00e9, j\u2019avais besoin de cette page blanche, pr\u00eate \u00e0 \u00e9crire une nouvelle histoire. Il avait soif de justice et de libert\u00e9, je crois que je n\u2019aurais pas pu r\u00eaver meilleur alli\u00e9.<br>Peut-\u00eatre ma plus grande faute a-t-elle \u00e9t\u00e9 de garder le silence sur de trop nombreux sujets. Je n\u2019ai pas abord\u00e9 la question du Conseil des Sages, pensant qu\u2019il ferait mieux d\u2019employer son \u00e9nergie \u00e0 contrecarrer les projets des Confr\u00e9ries dans l\u2019imm\u00e9diat. Je craignais \u00e9galement qu\u2019il ne perde sa confiance aveugle en moi s\u2019il comprenait pourquoi j\u2019en savais autant.<br>Mais depuis, il a accompli de grandes choses, il a vaincu des officiers aguerris, lib\u00e9r\u00e9 de nombreux villages et villes\u2026 tout en f\u00e9d\u00e9rant des alli\u00e9s autour de lui. Il prend la route des sommets, et l\u2019heure \u00e9tait venue pour moi de lui en r\u00e9v\u00e9ler davantage\u2026 Mais j\u2019ai \u00e9t\u00e9 trop sot, ou trop l\u00e2che, attendant le bon moment jusqu\u2019\u00e0 ce que finalement mon pass\u00e9 me rattrape.<\/p>\n\n\n\n<p>Si je dois trouver ma fin ici, je l\u2019accepterai. Mon souhait le plus cher est que Cyrio continue sa marche et m\u00e8ne Elenos vers la paix, vers une harmonie bienveillante entre nature, humains et Pok\u00e9mons.<\/p>\n\n\n\n<p class=\"has-text-align-center\"><strong>Les m\u00e9moires de Gens\u00eel<\/strong><br><strong>FIN<\/strong><\/p>\n","protected":false},"excerpt":{"rendered":"\/!\\ Attention : ce texte contient d&rsquo;importants spoils sur l&rsquo;histoire de Pok\u00e9mon Origins, et devrait \u00eatre lu uniquement apr\u00e8s avoir fini les 5 Chapitres disponibles dans le fan game. Lire ce texte au format PDF. \u00c9pisode 3 : L&rsquo;envoy\u00e9 Qui sait depuis combien de temps j\u2019ai \u00e9t\u00e9 plac\u00e9 en d\u00e9tention [&hellip;]","protected":false},"author":2,"featured_media":0,"comment_status":"open","ping_status":"open","sticky":false,"template":"","format":"standard","meta":{"footnotes":""},"categories":[9],"tags":[],"class_list":["post-624","post","type-post","status-publish","format-standard","hentry","category-fanfiction"],"_links":{"self":[{"href":"https:\/\/originsproject.eu\/index.php?rest_route=\/wp\/v2\/posts\/624","targetHints":{"allow":["GET"]}}],"collection":[{"href":"https:\/\/originsproject.eu\/index.php?rest_route=\/wp\/v2\/posts"}],"about":[{"href":"https:\/\/originsproject.eu\/index.php?rest_route=\/wp\/v2\/types\/post"}],"author":[{"embeddable":true,"href":"https:\/\/originsproject.eu\/index.php?rest_route=\/wp\/v2\/users\/2"}],"replies":[{"embeddable":true,"href":"https:\/\/originsproject.eu\/index.php?rest_route=%2Fwp%2Fv2%2Fcomments&post=624"}],"version-history":[{"count":1,"href":"https:\/\/originsproject.eu\/index.php?rest_route=\/wp\/v2\/posts\/624\/revisions"}],"predecessor-version":[{"id":625,"href":"https:\/\/originsproject.eu\/index.php?rest_route=\/wp\/v2\/posts\/624\/revisions\/625"}],"wp:attachment":[{"href":"https:\/\/originsproject.eu\/index.php?rest_route=%2Fwp%2Fv2%2Fmedia&parent=624"}],"wp:term":[{"taxonomy":"category","embeddable":true,"href":"https:\/\/originsproject.eu\/index.php?rest_route=%2Fwp%2Fv2%2Fcategories&post=624"},{"taxonomy":"post_tag","embeddable":true,"href":"https:\/\/originsproject.eu\/index.php?rest_route=%2Fwp%2Fv2%2Ftags&post=624"}],"curies":[{"name":"wp","href":"https:\/\/api.w.org\/{rel}","templated":true}]}}